{"id":6044,"date":"2026-02-24T11:09:06","date_gmt":"2026-02-24T10:09:06","guid":{"rendered":"https:\/\/www.wisco.es\/die-grupo-wisco-wird-auf-der-global-industrie-2026-vertreten-sein\/"},"modified":"2026-02-24T11:09:06","modified_gmt":"2026-02-24T10:09:06","slug":"die-grupo-wisco-wird-auf-der-global-industrie-2026-vertreten-sein","status":"publish","type":"post","link":"https:\/\/www.wisco.es\/de\/die-grupo-wisco-wird-auf-der-global-industrie-2026-vertreten-sein\/","title":{"rendered":"DIE GRUPO WISCO WIRD AUF DER GLOBAL INDUSTRIE 2026 VERTRETEN SEIN"},"content":{"rendered":"<p><strong><u>Wir freuen uns darauf, Sie auf der Messe Global Industrie in Paris begr\u00fc\u00dfen zu d\u00fcrfen!<\/u><\/strong><\/p>\n<p>Gerne stellen wir Ihnen WISCO, unsere Bronzegie\u00dferei f\u00fcr Strang- und Schleuderguss, und MECAUTO, unseren Hersteller von Bronzeteilen, vor.<\/p>\n<p>Wir k\u00f6nnen Ihnen auch unsere neuesten Entwicklungen vorstellen, wie die Erweiterung unseres automatisierten Lagers und die Erh\u00f6hung unserer Lagerbest\u00e4nde, und uns aus erster Hand \u00fcber Ihre Bed\u00fcrfnisse informieren.<\/p>\n<p><strong><u>Haben sie sp\u00e4ne oder bronzeauschnitte? Wisco kauft sie&#8230;<\/u><\/strong><\/p>\n<p>Entdecken Sie au\u00dferdem unser Programm zum Kauf von Bronzesp\u00e4ne: Wir bieten die besten Preise auf dem Markt und unterst\u00fctzen Sie w\u00e4hrend des gesamten Prozesses.<\/p>\n<p><strong><u>Kostenloser Besucherpass <\/u><\/strong><\/p>\n<p>Wir freuen uns auf Ihren Besuch an unserem Stand w\u00e4hrend der Veranstaltung. Registrieren Sie sich hier, um Ihre kostenlose Eintrittskarte zu erhalten &#8211; <a href=\"https:\/\/pass.global-industrie.com\/form\/profil\">https:\/\/pass.global-industrie.com\/form\/profil<\/a><\/p>\n<p><strong><u>Global Industrie<br \/>\n<\/u><\/strong>Montag, 30. M\u00e4rz \u2013 Donnerstag, 2. April<br \/>\nParis Villepinte<br \/>\nStand 6B27<\/p>\n","protected":false},"excerpt":{"rendered":"<p>Wir freuen uns darauf, Sie auf der Messe Global Industrie in Paris begr\u00fc\u00dfen zu d\u00fcrfen! Gerne stellen wir Ihnen WISCO, unsere Bronzegie\u00dferei f\u00fcr Strang- und Schleuderguss, und MECAUTO, unseren Hersteller von Bronzeteilen, vor. Wir k\u00f6nnen Ihnen auch unsere neuesten Entwicklungen vorstellen, wie die Erweiterung unseres automatisierten Lagers und die Erh\u00f6hung unserer Lagerbest\u00e4nde, und uns aus [&hellip;]<\/p>\n","protected":false},"author":5,"featured_media":6038,"comment_status":"closed","ping_status":"open","sticky":false,"template":"","format":"standard","meta":{"footnotes":""},"categories":[46],"tags":[],"class_list":["post-6044","post","type-post","status-publish","format-standard","has-post-thumbnail","hentry","category-noticias-de"],"yoast_head":"<!-- This site is optimized with the Yoast SEO plugin v23.7 - https:\/\/yoast.com\/wordpress\/plugins\/seo\/ -->\n<title>DIE GRUPO WISCO WIRD AUF DER GLOBAL INDUSTRIE 2026 VERTRETEN SEIN - Wisco<\/title>\n<meta name=\"robots\" content=\"index, follow, max-snippet:-1, max-image-preview:large, max-video-preview:-1\" \/>\n<link rel=\"canonical\" href=\"https:\/\/www.wisco.es\/grupo-wisco-estara-presente-en-global-industrie-2026\/\" \/>\n<meta property=\"og:locale\" content=\"de_DE\" \/>\n<meta property=\"og:type\" content=\"article\" \/>\n<meta property=\"og:title\" content=\"DIE GRUPO WISCO WIRD AUF DER GLOBAL INDUSTRIE 2026 VERTRETEN SEIN - Wisco\" \/>\n<meta property=\"og:description\" content=\"Wir freuen uns darauf, Sie auf der Messe Global Industrie in Paris begr\u00fc\u00dfen zu d\u00fcrfen! Gerne stellen wir Ihnen WISCO, unsere Bronzegie\u00dferei f\u00fcr Strang- und Schleuderguss, und MECAUTO, unseren Hersteller von Bronzeteilen, vor. Wir k\u00f6nnen Ihnen auch unsere neuesten Entwicklungen vorstellen, wie die Erweiterung unseres automatisierten Lagers und die Erh\u00f6hung unserer Lagerbest\u00e4nde, und uns aus [&hellip;]\" \/>\n<meta property=\"og:url\" content=\"https:\/\/www.wisco.es\/grupo-wisco-estara-presente-en-global-industrie-2026\/\" \/>\n<meta property=\"og:site_name\" content=\"Wisco\" \/>\n<meta property=\"article:published_time\" content=\"2026-02-24T10:09:06+00:00\" \/>\n<meta property=\"og:image\" content=\"https:\/\/www.wisco.es\/wp-content\/uploads\/2026\/02\/Top-Wisco.png\" \/>\n\t<meta property=\"og:image:width\" content=\"900\" \/>\n\t<meta property=\"og:image:height\" content=\"400\" \/>\n\t<meta property=\"og:image:type\" content=\"image\/png\" \/>\n<meta name=\"author\" content=\"Administrator\" \/>\n<meta name=\"twitter:card\" content=\"summary_large_image\" \/>\n<meta name=\"twitter:label1\" content=\"Verfasst von\" \/>\n\t<meta name=\"twitter:data1\" content=\"Administrator\" \/>\n\t<meta name=\"twitter:label2\" content=\"Gesch\u00e4tzte Lesezeit\" \/>\n\t<meta name=\"twitter:data2\" content=\"1 Minute\" \/>\n<script type=\"application\/ld+json\" class=\"yoast-schema-graph\">{\"@context\":\"https:\/\/schema.org\",\"@graph\":[{\"@type\":\"WebPage\",\"@id\":\"https:\/\/www.wisco.es\/grupo-wisco-estara-presente-en-global-industrie-2026\/\",\"url\":\"https:\/\/www.wisco.es\/grupo-wisco-estara-presente-en-global-industrie-2026\/\",\"name\":\"DIE GRUPO WISCO WIRD AUF DER GLOBAL INDUSTRIE 2026 VERTRETEN SEIN - Wisco\",\"isPartOf\":{\"@id\":\"https:\/\/www.wisco.es\/#website\"},\"primaryImageOfPage\":{\"@id\":\"https:\/\/www.wisco.es\/grupo-wisco-estara-presente-en-global-industrie-2026\/#primaryimage\"},\"image\":{\"@id\":\"https:\/\/www.wisco.es\/grupo-wisco-estara-presente-en-global-industrie-2026\/#primaryimage\"},\"thumbnailUrl\":\"https:\/\/www.wisco.es\/wp-content\/uploads\/2026\/02\/Top-Wisco.png\",\"datePublished\":\"2026-02-24T10:09:06+00:00\",\"dateModified\":\"2026-02-24T10:09:06+00:00\",\"author\":{\"@id\":\"https:\/\/www.wisco.es\/#\/schema\/person\/adf4f966f6969151537b3ec4f6554575\"},\"breadcrumb\":{\"@id\":\"https:\/\/www.wisco.es\/grupo-wisco-estara-presente-en-global-industrie-2026\/#breadcrumb\"},\"inLanguage\":\"de-DE\",\"potentialAction\":[{\"@type\":\"ReadAction\",\"target\":[\"https:\/\/www.wisco.es\/grupo-wisco-estara-presente-en-global-industrie-2026\/\"]}]},{\"@type\":\"ImageObject\",\"inLanguage\":\"de-DE\",\"@id\":\"https:\/\/www.wisco.es\/grupo-wisco-estara-presente-en-global-industrie-2026\/#primaryimage\",\"url\":\"https:\/\/www.wisco.es\/wp-content\/uploads\/2026\/02\/Top-Wisco.png\",\"contentUrl\":\"https:\/\/www.wisco.es\/wp-content\/uploads\/2026\/02\/Top-Wisco.png\",\"width\":900,\"height\":400},{\"@type\":\"BreadcrumbList\",\"@id\":\"https:\/\/www.wisco.es\/grupo-wisco-estara-presente-en-global-industrie-2026\/#breadcrumb\",\"itemListElement\":[{\"@type\":\"ListItem\",\"position\":1,\"name\":\"Portada\",\"item\":\"https:\/\/www.wisco.es\/de\/\"},{\"@type\":\"ListItem\",\"position\":2,\"name\":\"DIE GRUPO WISCO WIRD AUF DER GLOBAL INDUSTRIE 2026 VERTRETEN SEIN\"}]},{\"@type\":\"WebSite\",\"@id\":\"https:\/\/www.wisco.es\/#website\",\"url\":\"https:\/\/www.wisco.es\/\",\"name\":\"Wisco\",\"description\":\"\",\"potentialAction\":[{\"@type\":\"SearchAction\",\"target\":{\"@type\":\"EntryPoint\",\"urlTemplate\":\"https:\/\/www.wisco.es\/?s={search_term_string}\"},\"query-input\":{\"@type\":\"PropertyValueSpecification\",\"valueRequired\":true,\"valueName\":\"search_term_string\"}}],\"inLanguage\":\"de-DE\"},{\"@type\":\"Person\",\"@id\":\"https:\/\/www.wisco.es\/#\/schema\/person\/adf4f966f6969151537b3ec4f6554575\",\"name\":\"Administrator\",\"url\":\"https:\/\/www.wisco.es\/de\/author\/admin\/\"}]}<\/script>\n<!-- \/ Yoast SEO plugin. -->","yoast_head_json":{"title":"DIE GRUPO WISCO WIRD AUF DER GLOBAL INDUSTRIE 2026 VERTRETEN SEIN - Wisco","robots":{"index":"index","follow":"follow","max-snippet":"max-snippet:-1","max-image-preview":"max-image-preview:large","max-video-preview":"max-video-preview:-1"},"canonical":"https:\/\/www.wisco.es\/grupo-wisco-estara-presente-en-global-industrie-2026\/","og_locale":"de_DE","og_type":"article","og_title":"DIE GRUPO WISCO WIRD AUF DER GLOBAL INDUSTRIE 2026 VERTRETEN SEIN - Wisco","og_description":"Wir freuen uns darauf, Sie auf der Messe Global Industrie in Paris begr\u00fc\u00dfen zu d\u00fcrfen! Gerne stellen wir Ihnen WISCO, unsere Bronzegie\u00dferei f\u00fcr Strang- und Schleuderguss, und MECAUTO, unseren Hersteller von Bronzeteilen, vor. Wir k\u00f6nnen Ihnen auch unsere neuesten Entwicklungen vorstellen, wie die Erweiterung unseres automatisierten Lagers und die Erh\u00f6hung unserer Lagerbest\u00e4nde, und uns aus [&hellip;]","og_url":"https:\/\/www.wisco.es\/grupo-wisco-estara-presente-en-global-industrie-2026\/","og_site_name":"Wisco","article_published_time":"2026-02-24T10:09:06+00:00","og_image":[{"width":900,"height":400,"url":"https:\/\/www.wisco.es\/wp-content\/uploads\/2026\/02\/Top-Wisco.png","type":"image\/png"}],"author":"Administrator","twitter_card":"summary_large_image","twitter_misc":{"Verfasst von":"Administrator","Gesch\u00e4tzte Lesezeit":"1 Minute"},"schema":{"@context":"https:\/\/schema.org","@graph":[{"@type":"WebPage","@id":"https:\/\/www.wisco.es\/grupo-wisco-estara-presente-en-global-industrie-2026\/","url":"https:\/\/www.wisco.es\/grupo-wisco-estara-presente-en-global-industrie-2026\/","name":"DIE GRUPO WISCO WIRD AUF DER GLOBAL INDUSTRIE 2026 VERTRETEN SEIN - Wisco","isPartOf":{"@id":"https:\/\/www.wisco.es\/#website"},"primaryImageOfPage":{"@id":"https:\/\/www.wisco.es\/grupo-wisco-estara-presente-en-global-industrie-2026\/#primaryimage"},"image":{"@id":"https:\/\/www.wisco.es\/grupo-wisco-estara-presente-en-global-industrie-2026\/#primaryimage"},"thumbnailUrl":"https:\/\/www.wisco.es\/wp-content\/uploads\/2026\/02\/Top-Wisco.png","datePublished":"2026-02-24T10:09:06+00:00","dateModified":"2026-02-24T10:09:06+00:00","author":{"@id":"https:\/\/www.wisco.es\/#\/schema\/person\/adf4f966f6969151537b3ec4f6554575"},"breadcrumb":{"@id":"https:\/\/www.wisco.es\/grupo-wisco-estara-presente-en-global-industrie-2026\/#breadcrumb"},"inLanguage":"de-DE","potentialAction":[{"@type":"ReadAction","target":["https:\/\/www.wisco.es\/grupo-wisco-estara-presente-en-global-industrie-2026\/"]}]},{"@type":"ImageObject","inLanguage":"de-DE","@id":"https:\/\/www.wisco.es\/grupo-wisco-estara-presente-en-global-industrie-2026\/#primaryimage","url":"https:\/\/www.wisco.es\/wp-content\/uploads\/2026\/02\/Top-Wisco.png","contentUrl":"https:\/\/www.wisco.es\/wp-content\/uploads\/2026\/02\/Top-Wisco.png","width":900,"height":400},{"@type":"BreadcrumbList","@id":"https:\/\/www.wisco.es\/grupo-wisco-estara-presente-en-global-industrie-2026\/#breadcrumb","itemListElement":[{"@type":"ListItem","position":1,"name":"Portada","item":"https:\/\/www.wisco.es\/de\/"},{"@type":"ListItem","position":2,"name":"DIE GRUPO WISCO WIRD AUF DER GLOBAL INDUSTRIE 2026 VERTRETEN SEIN"}]},{"@type":"WebSite","@id":"https:\/\/www.wisco.es\/#website","url":"https:\/\/www.wisco.es\/","name":"Wisco","description":"","potentialAction":[{"@type":"SearchAction","target":{"@type":"EntryPoint","urlTemplate":"https:\/\/www.wisco.es\/?s={search_term_string}"},"query-input":{"@type":"PropertyValueSpecification","valueRequired":true,"valueName":"search_term_string"}}],"inLanguage":"de-DE"},{"@type":"Person","@id":"https:\/\/www.wisco.es\/#\/schema\/person\/adf4f966f6969151537b3ec4f6554575","name":"Administrator","url":"https:\/\/www.wisco.es\/de\/author\/admin\/"}]}},"_links":{"self":[{"href":"https:\/\/www.wisco.es\/de\/wp-json\/wp\/v2\/posts\/6044","targetHints":{"allow":["GET"]}}],"collection":[{"href":"https:\/\/www.wisco.es\/de\/wp-json\/wp\/v2\/posts"}],"about":[{"href":"https:\/\/www.wisco.es\/de\/wp-json\/wp\/v2\/types\/post"}],"author":[{"embeddable":true,"href":"https:\/\/www.wisco.es\/de\/wp-json\/wp\/v2\/users\/5"}],"replies":[{"embeddable":true,"href":"https:\/\/www.wisco.es\/de\/wp-json\/wp\/v2\/comments?post=6044"}],"version-history":[{"count":0,"href":"https:\/\/www.wisco.es\/de\/wp-json\/wp\/v2\/posts\/6044\/revisions"}],"wp:featuredmedia":[{"embeddable":true,"href":"https:\/\/www.wisco.es\/de\/wp-json\/wp\/v2\/media\/6038"}],"wp:attachment":[{"href":"https:\/\/www.wisco.es\/de\/wp-json\/wp\/v2\/media?parent=6044"}],"wp:term":[{"taxonomy":"category","embeddable":true,"href":"https:\/\/www.wisco.es\/de\/wp-json\/wp\/v2\/categories?post=6044"},{"taxonomy":"post_tag","embeddable":true,"href":"https:\/\/www.wisco.es\/de\/wp-json\/wp\/v2\/tags?post=6044"}],"curies":[{"name":"wp","href":"https:\/\/api.w.org\/{rel}","templated":true}]}}